{"id":2122,"date":"2018-09-08T09:00:36","date_gmt":"2018-09-08T08:00:36","guid":{"rendered":"https:\/\/2018.torino.wordcamp.org\/?p=2122"},"modified":"2018-09-07T22:36:22","modified_gmt":"2018-09-07T21:36:22","slug":"wordcamp-torino-2019-call-for-organizers","status":"publish","type":"post","link":"https:\/\/torino.wordcamp.org\/2018\/wordcamp-torino-2019-call-for-organizers\/","title":{"rendered":"WordCamp Torino 2019: call for organizers"},"content":{"rendered":"<p>L&#8217;estate e le vacanze sono ormai alle spalle ed \u00e8 giunto il momento di organizzare il WordCamp Torino 2019, il quarto.<\/p>\n<p>Mi sono proposta come lead di questa edizione e presto sottoporr\u00f2 la <a href=\"https:\/\/central.wordcamp.org\/wordcamp-organizer-application\/\">domanda<\/a> all&#8217;organizzazione Centrale di WordPress. Nel frattempo, vorrei iniziare a costruire la squadra che con me porter\u00e0 avanti questa avventura.<\/p>\n<h1>Chi \u00e8 l&#8217;organizzatore del WordCamp Torino?<\/h1>\n<p>L&#8217;organizzatore del WordCamp Torino \u00e8 un appassionato sostenitore di WordPress e contribuisce volontariamente alla sua diffusione e al suo sviluppo anche partecipando attivamente alla vita della sua Community.<\/p>\n<p>Conosce bene le <a href=\"https:\/\/make.wordpress.org\/community\/handbook\/wordcamp-organizer\/\">linee guida<\/a> che regolano l&#8217;organizzazione di un WordCamp e aderisce al <a href=\"https:\/\/make.wordpress.org\/community\/handbook\/wordcamp-organizer\/planning-details\/code-of-conduct\/\">Codice di Condotta<\/a> della Community.<\/p>\n<p>\u00c8 entusiasta, disponibile e cordiale; sa lavorare in team e portare avanti i suoi compiti anche sotto stress e in autonomia; \u00e8 orientato alla soluzione dei problemi e\u00a0 in caso di necessit\u00e0, interviene a supporto dei compagni di squadra. Sa affrontare gli imprevisti in modo collaborativo e efficace. \u00c8 affidabile e quando si prende un impegno lo porta avanti fino al raggiungimento dell&#8217;obiettivo: se ha bisogno di aiuto, chiede.<\/p>\n<p>\u00c8 preferibile, ma non esclusivo, che faccia parte del Meetup Torino. Non \u00e8 necessario che abbia esperienza di organizzazione di eventi.<\/p>\n<h1>Quali sono i suoi compiti e come lavorer\u00e0 il team?<\/h1>\n<p>Ogni organizzatore ha un suo compito specifico. Le aree da coprire sono:<\/p>\n<ul>\n<li>Controllo amministrativo (budget) e supervisione organizzazione (lead)<\/li>\n<li>Documentazione e amministrazione (gestione email, fatture partecipanti&#8230;)<\/li>\n<li>Venue<\/li>\n<li>Sponsor<\/li>\n<li>Speaker<\/li>\n<li>Volontari<\/li>\n<li>Sito internet<\/li>\n<li>Comunicazione (contenuti e social)<\/li>\n<li>Grafica<\/li>\n<li>Catering<\/li>\n<li>Eventi collegati (after party, sponsor dinner)<\/li>\n<li>Riprese video e foto<\/li>\n<\/ul>\n<p>Pu\u00f2 succedere che un organizzatore si occupi di pi\u00f9 aree, oppure che un&#8217;area sia coperta da pi\u00f9 organizzatori. Potrebbero anche essere coinvolti altri volontari che, pure non essendo organizzatori a tutti gli effetti, partecipano all&#8217;organizzazione supportando alcune aree in certi momenti.<\/p>\n<p>Le modalit\u00e0 di lavoro saranno decise dal gruppo stesso, e anche gli strumenti utilizzati, anche se Drive per l&#8217;archiviazione dei documenti e Slack per la riunione settimanale saranno strumenti usati per certo.<\/p>\n<h1>Quanto tempo \u00e8 richiesto?<\/h1>\n<p>Non \u00e8 semplice quantificare il tempo richiesto, perch\u00e9 dipende dal tipo di compito: per alcuni compiti l&#8217;impegno maggiore \u00e8 all&#8217;inizio dell&#8217;organizzazione, per altri \u00e8 a ridosso dell&#8217;evento. Potremmo stimare una media di 3\/4 ore alla settimana per tutta la durata dell&#8217;organizzazione.<\/p>\n<p>Di sicuro\u00a0 tutta la squadra \u00e8 chiamata a:<\/p>\n<ul>\n<li>partecipare alle riunioni organizzative (almeno 1 alla settimana)<\/li>\n<li>partecipare interamente alle giornate dell&#8217;evento<\/li>\n<li>partecipare a tutti i momenti conviviali collegati all&#8217;evento (sponsor\/volunteers dinner, after party)<\/li>\n<\/ul>\n<h1>Bello! Voglio fare parte dell&#8217;organizzazione. Come si presenta la candidatura?<\/h1>\n<p>Se l&#8217;idea ti entusiasma e vuoi far parte della squadra, devi compilare questo <a href=\"https:\/\/docs.google.com\/forms\/d\/e\/1FAIpQLSf7CawjyrQKPx1-_CfhX-ADhmAKT0yHCgEBNzPN3DGso3C2SQ\/viewform?usp=pp_url\">modulo<\/a>\u00a0e inviarlo <strong>entro il 30 settembre il 2018.<\/strong><\/p>\n<p>Aspetto la tua candidatura! Laura<\/p>\n","protected":false},"excerpt":{"rendered":"<p>L&#8217;estate e le vacanze sono ormai alle spalle ed \u00e8 giunto il momento di organizzare il WordCamp Torino 2019, il quarto. Mi sono proposta come lead di questa edizione e presto sottoporr\u00f2 la domanda all&#8217;organizzazione Centrale di WordPress. Nel frattempo, &hellip; <a href=\"https:\/\/torino.wordcamp.org\/2018\/wordcamp-torino-2019-call-for-organizers\/\">Continua la lettura <span class=\"screen-reader-text\">WordCamp Torino 2019: call for organizers<\/span>  <span class=\"meta-nav\">&rarr;<\/span><\/a><\/p>\n","protected":false},"author":14513255,"featured_media":0,"comment_status":"open","ping_status":"open","sticky":false,"template":"","format":"standard","meta":{"_crdt_document":"","jetpack_post_was_ever_published":false,"_jetpack_newsletter_access":"","_jetpack_dont_email_post_to_subs":false,"_jetpack_newsletter_tier_id":0,"_jetpack_memberships_contains_paywalled_content":false,"_jetpack_memberships_contains_paid_content":false,"footnotes":"","jetpack_publicize_message":"","jetpack_publicize_feature_enabled":true,"jetpack_social_post_already_shared":true,"jetpack_social_options":{"image_generator_settings":{"template":"highway","default_image_id":0,"font":"","enabled":false},"version":2}},"categories":[734347],"tags":[],"class_list":["post-2122","post","type-post","status-publish","format-standard","hentry","category-annunci"],"jetpack_publicize_connections":[],"jetpack_featured_media_url":"","jetpack_sharing_enabled":true,"jetpack_shortlink":"https:\/\/wp.me\/p99SMW-ye","_links":{"self":[{"href":"https:\/\/torino.wordcamp.org\/2018\/wp-json\/wp\/v2\/posts\/2122","targetHints":{"allow":["GET"]}}],"collection":[{"href":"https:\/\/torino.wordcamp.org\/2018\/wp-json\/wp\/v2\/posts"}],"about":[{"href":"https:\/\/torino.wordcamp.org\/2018\/wp-json\/wp\/v2\/types\/post"}],"author":[{"embeddable":true,"href":"https:\/\/torino.wordcamp.org\/2018\/wp-json\/wp\/v2\/users\/14513255"}],"replies":[{"embeddable":true,"href":"https:\/\/torino.wordcamp.org\/2018\/wp-json\/wp\/v2\/comments?post=2122"}],"version-history":[{"count":8,"href":"https:\/\/torino.wordcamp.org\/2018\/wp-json\/wp\/v2\/posts\/2122\/revisions"}],"predecessor-version":[{"id":2131,"href":"https:\/\/torino.wordcamp.org\/2018\/wp-json\/wp\/v2\/posts\/2122\/revisions\/2131"}],"wp:attachment":[{"href":"https:\/\/torino.wordcamp.org\/2018\/wp-json\/wp\/v2\/media?parent=2122"}],"wp:term":[{"taxonomy":"category","embeddable":true,"href":"https:\/\/torino.wordcamp.org\/2018\/wp-json\/wp\/v2\/categories?post=2122"},{"taxonomy":"post_tag","embeddable":true,"href":"https:\/\/torino.wordcamp.org\/2018\/wp-json\/wp\/v2\/tags?post=2122"}],"curies":[{"name":"wp","href":"https:\/\/api.w.org\/{rel}","templated":true}]}}