{"id":1656,"date":"2019-03-07T13:00:20","date_gmt":"2019-03-07T13:00:20","guid":{"rendered":"https:\/\/2019.torino.wordcamp.org\/?p=1656"},"modified":"2019-03-07T17:49:44","modified_gmt":"2019-03-07T17:49:44","slug":"sessioni-e-relatori-di-wordcamp-torino-2019","status":"publish","type":"post","link":"https:\/\/torino.wordcamp.org\/2019\/sessioni-e-relatori-di-wordcamp-torino-2019\/","title":{"rendered":"Sessioni e relatori di WordCamp Torino 2019"},"content":{"rendered":"\n<figure class=\"wp-block-image\"><img loading=\"lazy\" decoding=\"async\" width=\"1024\" height=\"823\" src=\"https:\/\/2019.torino.wordcamp.org\/files\/2019\/03\/speakerssessions-1024x823.jpg\" alt=\"wctrn-2019_speakers-and-sessions\" class=\"wp-image-1678\" srcset=\"https:\/\/torino.wordcamp.org\/2019\/files\/2019\/03\/speakerssessions-1024x823.jpg 1024w, https:\/\/torino.wordcamp.org\/2019\/files\/2019\/03\/speakerssessions-300x241.jpg 300w, https:\/\/torino.wordcamp.org\/2019\/files\/2019\/03\/speakerssessions-768x617.jpg 768w, https:\/\/torino.wordcamp.org\/2019\/files\/2019\/03\/speakerssessions-373x300.jpg 373w, https:\/\/torino.wordcamp.org\/2019\/files\/2019\/03\/speakerssessions.jpg 1200w\" sizes=\"auto, (max-width: 1024px) 100vw, 1024px\" \/><\/figure>\n\n\n\n<p class=\"wp-block-paragraph\">Anche quest&#8217;anno selezionare i relatori e le sessioni del nostro WordCamp non \u00e8 stato facile: abbiamo ricevuto <strong>75 proposte da 50 speaker<\/strong>, tutte di livello molto alto.<\/p>\n\n\n\n<p class=\"wp-block-paragraph\">\u00c8 molto difficile dire quasi pi\u00f9 no che s\u00ec, anzi forse \u00e8 la parte meno piacevole dell&#8217;organizzazione di un WordCamp.<\/p>\n\n\n\n<p class=\"wp-block-paragraph\">Ma anche quest&#8217;anno pensiamo di aver fatto un buon lavoro nella selezione di <a href=\"https:\/\/2019.torino.wordcamp.org\/speakers\/\">relatori<\/a> e <a href=\"https:\/\/2019.torino.wordcamp.org\/sessions\/\">sessioni<\/a>. L&#8217;agenda \u00e8 bilanciata dal punto di vista degli argomenti con un&#8217;attenzione particolare ai temi di work-life balance e diversit\u00e0: non mancheranno, come sempre talk di sviluppo, marketing, contenuti.<\/p>\n\n\n\n<p class=\"wp-block-paragraph\">Nonostante abbiamo ricevuto un maggior numero di candidature di donne rispetto agli anni passati, anche quest&#8217;anno non siamo riusciti a raggiungere la parit\u00e0. Ma continueremo a provarci perch\u00e9 crediamo che un&#8217;agenda variegata, con voci differenti, serva ad arricchire tutti noi.<\/p>\n\n\n\n<p class=\"wp-block-paragraph\">Vi invitiamo quindi a dare un&#8217;occhiata a <a href=\"https:\/\/2019.torino.wordcamp.org\/speakers\/\">relatori<\/a> e <a href=\"https:\/\/2019.torino.wordcamp.org\/sessions\/\">sessioni<\/a>: per l&#8217;agenda vera e proprio ci andr\u00e0 ancora qualche giorno, ma siamo sicuri che le proposte vi stuzzicheranno la curiosit\u00e0.<\/p>\n\n\n\n<p class=\"wp-block-paragraph\">Questi sono i nostri compiti. Voi ne avete solo uno&#8230; Comprare i <a href=\"https:\/\/2019.torino.wordcamp.org\/tickets\/\">biglietti<\/a> ovviamente!<\/p>\n\n\n\n<p class=\"wp-block-paragraph\">Ci vediamo a Torino!<\/p>\n","protected":false},"excerpt":{"rendered":"<p>Anche quest&#8217;anno selezionare i relatori e le sessioni del nostro WordCamp non \u00e8 stato facile: abbiamo ricevuto 75 proposte da 50 speaker, tutte di livello molto alto. \u00c8 molto difficile dire quasi pi\u00f9 no che s\u00ec, anzi forse \u00e8 la &hellip; <a href=\"https:\/\/torino.wordcamp.org\/2019\/sessioni-e-relatori-di-wordcamp-torino-2019\/\">Continua la lettura <span class=\"screen-reader-text\">Sessioni e relatori di WordCamp Torino 2019<\/span>  <span class=\"meta-nav\">&rarr;<\/span><\/a><\/p>\n","protected":false},"author":7230939,"featured_media":1678,"comment_status":"open","ping_status":"open","sticky":false,"template":"","format":"standard","meta":{"_crdt_document":"","jetpack_post_was_ever_published":false,"_jetpack_newsletter_access":"","_jetpack_dont_email_post_to_subs":false,"_jetpack_newsletter_tier_id":0,"_jetpack_memberships_contains_paywalled_content":false,"_jetpack_memberships_contains_paid_content":false,"footnotes":""},"categories":[734347],"tags":[],"class_list":["post-1656","post","type-post","status-publish","format-standard","has-post-thumbnail","hentry","category-annunci"],"jetpack_featured_media_url":"https:\/\/torino.wordcamp.org\/2019\/files\/2019\/03\/speakerssessions.jpg","jetpack_sharing_enabled":true,"jetpack_shortlink":"https:\/\/wp.me\/pamRTJ-qI","_links":{"self":[{"href":"https:\/\/torino.wordcamp.org\/2019\/wp-json\/wp\/v2\/posts\/1656","targetHints":{"allow":["GET"]}}],"collection":[{"href":"https:\/\/torino.wordcamp.org\/2019\/wp-json\/wp\/v2\/posts"}],"about":[{"href":"https:\/\/torino.wordcamp.org\/2019\/wp-json\/wp\/v2\/types\/post"}],"author":[{"embeddable":true,"href":"https:\/\/torino.wordcamp.org\/2019\/wp-json\/wp\/v2\/users\/7230939"}],"replies":[{"embeddable":true,"href":"https:\/\/torino.wordcamp.org\/2019\/wp-json\/wp\/v2\/comments?post=1656"}],"version-history":[{"count":3,"href":"https:\/\/torino.wordcamp.org\/2019\/wp-json\/wp\/v2\/posts\/1656\/revisions"}],"predecessor-version":[{"id":1682,"href":"https:\/\/torino.wordcamp.org\/2019\/wp-json\/wp\/v2\/posts\/1656\/revisions\/1682"}],"wp:featuredmedia":[{"embeddable":true,"href":"https:\/\/torino.wordcamp.org\/2019\/wp-json\/wp\/v2\/media\/1678"}],"wp:attachment":[{"href":"https:\/\/torino.wordcamp.org\/2019\/wp-json\/wp\/v2\/media?parent=1656"}],"wp:term":[{"taxonomy":"category","embeddable":true,"href":"https:\/\/torino.wordcamp.org\/2019\/wp-json\/wp\/v2\/categories?post=1656"},{"taxonomy":"post_tag","embeddable":true,"href":"https:\/\/torino.wordcamp.org\/2019\/wp-json\/wp\/v2\/tags?post=1656"}],"curies":[{"name":"wp","href":"https:\/\/api.w.org\/{rel}","templated":true}]}}