{"id":1810,"date":"2019-03-16T11:12:34","date_gmt":"2019-03-16T11:12:34","guid":{"rendered":"https:\/\/2019.torino.wordcamp.org\/?p=1810"},"modified":"2019-03-29T16:12:50","modified_gmt":"2019-03-29T16:12:50","slug":"lagenda-e-qui","status":"publish","type":"post","link":"https:\/\/torino.wordcamp.org\/2019\/lagenda-e-qui\/","title":{"rendered":"L&#8217;agenda \u00e8 qui!"},"content":{"rendered":"\n<figure class=\"wp-block-image\"><img loading=\"lazy\" decoding=\"async\" width=\"1024\" height=\"823\" src=\"https:\/\/2019.torino.wordcamp.org\/files\/2019\/03\/wctrn2019_schedule-1024x823.jpg\" alt=\"\" class=\"wp-image-1702\" srcset=\"https:\/\/torino.wordcamp.org\/2019\/files\/2019\/03\/wctrn2019_schedule-1024x823.jpg 1024w, https:\/\/torino.wordcamp.org\/2019\/files\/2019\/03\/wctrn2019_schedule-300x241.jpg 300w, https:\/\/torino.wordcamp.org\/2019\/files\/2019\/03\/wctrn2019_schedule-768x617.jpg 768w, https:\/\/torino.wordcamp.org\/2019\/files\/2019\/03\/wctrn2019_schedule-373x300.jpg 373w, https:\/\/torino.wordcamp.org\/2019\/files\/2019\/03\/wctrn2019_schedule.jpg 1200w\" sizes=\"auto, (max-width: 1024px) 100vw, 1024px\" \/><\/figure>\n\n\n\n<p class=\"wp-block-paragraph\">Quest&#8217;anno \u00e8 stato pi\u00f9 difficile del solito mettere insieme l&#8217;<a href=\"https:\/\/2019.torino.wordcamp.org\/schedule\/\">agenda della giornata<\/a>. Non solo sono arrivati talk di ottimo livello e quindi selezionare quelli da presentare \u00e8 stato un duro compito, ma poi incasellare tutto in nove ore diventa sempre complesso, quando il livello \u00e8 cos\u00ec alto!<\/p>\n\n\n\n<p class=\"wp-block-paragraph\">Inutile dire che sono ottimi problemi da avere \ud83d\ude42<\/p>\n\n\n\n<p class=\"wp-block-paragraph\"><strong>Quest&#8217;anno avremo tre sale, suddivise a grandi linee cos\u00ec<\/strong><\/p>\n\n\n\n<h2 class=\"wp-block-heading\">Sala 1 &#8211; Marketing, Business, Contenuti &#8211; Keynote Room<\/h2>\n\n\n\n<p class=\"wp-block-paragraph\"><strong>Qui potrete ascoltare talk legati a WordPress, al mondo del lavoro, all&#8217;ottimizzazione dei contenuti.<\/strong><\/p>\n\n\n\n<p class=\"wp-block-paragraph\">\u00c8 sempre la sala pi\u00f9 frequentata e propone sempre ricchi spunti di riflessione.<\/p>\n\n\n\n<p class=\"wp-block-paragraph\">Abbiamo dedicato ampio spazio a talk che parlano di <strong>diversit\u00e0<\/strong>, di <strong>inclusione<\/strong>, di <strong>pregiudizi<\/strong> e di <strong>donne in tech<\/strong>: da sempre WordCamp Torino \u00e8 un WordCamp che ha un&#8217;altissima presenza femminile, ma l&#8217;ecosistema WordPress non riflette a pieno la nostra bella situazione. Quindi abbiamo pensato di portare diversi spunti in tema, per incoraggiare le donne a partecipare di pi\u00f9 e gli uomini a essere veri alleati della diversit\u00e0. <\/p>\n\n\n\n<p class=\"wp-block-paragraph\">Ci sono anche talk che speriamo vi aiutino a<strong> far crescere la vostra impresa<\/strong>: non importa da dove state partendo, una o dieci o cento persone, tanti vogliono crescere, farlo nel modo corretto \u00e8 molto importante.<\/p>\n\n\n\n<p class=\"wp-block-paragraph\">E non dimentichiamoci della <strong>GDPR<\/strong>: abbiamo scelto due interventi perch\u00e9 dopo il panico iniziale \u00e8 arrivato l&#8217;assestamento ma non tutti si sono ancora allineati \ud83d\ude09<\/p>\n\n\n\n<p class=\"wp-block-paragraph\">La giornata in questa sala finisce con il botto: un workshop sulla <strong>valorizzazione dei contenuti<\/strong>.<\/p>\n\n\n\n<h2 class=\"wp-block-heading\">Sala 2 &#8211; Sviluppo A &#8211; Riflessioni e Educazione &#8211; Launchpad<\/h2>\n\n\n\n<p class=\"wp-block-paragraph\">Tutti gli anni ci si propone un dubbio: ma i talk di sviluppo devono essere avanzati? Non avanzati? Medi?<\/p>\n\n\n\n<p class=\"wp-block-paragraph\">Cos\u00ec quest&#8217;anno abbiamo un po&#8217; diviso gli ambiti.<\/p>\n\n\n\n<p class=\"wp-block-paragraph\"><strong>Il programma di questa sala \u00e8 pensato proprio come un percorso: dalle basi ai casi di studio alle mani in pasta.<\/strong><\/p>\n\n\n\n<p class=\"wp-block-paragraph\">Nella sala <strong>Sviluppo A<\/strong> abbiamo messo talk che partono spesso da <strong>storie personali<\/strong> e che propongono riflessioni collettive sul tema &#8220;<strong>essere sviluppatori<\/strong>&#8221; e &#8220;<strong>come imparare a fare gli sviluppatori<\/strong>&#8220;, &#8220;<strong>come migliorare sempre<\/strong>&#8220;. <\/p>\n\n\n\n<p class=\"wp-block-paragraph\">C&#8217;\u00e8 anche spazio per talk sull&#8217;<strong>open source<\/strong> e sul <strong>GPL<\/strong>: WordPress esiste grazie a queste due filosofie. Senza queste basi non avremmo WordCamp, Meetup e WordPress sarebbe sicuramente meno usato.<\/p>\n\n\n\n<p class=\"wp-block-paragraph\">Per la prima volta presentiamo anche <strong>casi studio<\/strong>, italiani e internazionali. C&#8217;\u00e8 sempre da imparare dai progetti degli altri!<\/p>\n\n\n\n<p class=\"wp-block-paragraph\">Chiudiamo con un workshop pratico, che per\u00f2 ci sembrava adatto a questa sala: <strong>come sviluppare blocchi Gutenberg<\/strong>. <\/p>\n\n\n\n<h2 class=\"wp-block-heading\">Sala 3 &#8211; Sviluppo B &#8211; Andare oltre &#8211; Wunderkammer<\/h2>\n\n\n\n<p class=\"wp-block-paragraph\"><strong>Per chi pratica da un po&#8217;. Diciamo persone che hanno scelto lo sviluppo, specialmente back-end, come professione. <\/strong><\/p>\n\n\n\n<p class=\"wp-block-paragraph\">Tutti gli anni mandiamo un questionario dopo l&#8217;evento e un commento che abbiamo ricevuto alcune volte \u00e8: non dimenticatevi di chi fa lo sviluppatore da un po&#8217;, anche noi vogliamo incontrarci, imparare e crescere insieme!<\/p>\n\n\n\n<p class=\"wp-block-paragraph\">Quindi vi presentiamo approfondimenti su quattro temi: caching, hardening, programmazione a oggetti, NGIX.<\/p>\n\n\n\n<h2 class=\"wp-block-heading\">Mancate solo voi!<\/h2>\n\n\n\n<p class=\"wp-block-paragraph\">I biglietti sono verso il sold out, che fate? Vi volete perdere il programma migliore di sempre?<\/p>\n\n\n\n<div class=\"wp-block-columns has-2-columns is-layout-flex wp-container-core-columns-is-layout-8f761849 wp-block-columns-is-layout-flex\">\n<div class=\"wp-block-column is-layout-flow wp-block-column-is-layout-flow\">\n<p class=\"has-text-color has-background has-very-light-gray-color has-vivid-cyan-blue-background-color wp-block-paragraph\"><strong>CONSULTA <a href=\"https:\/\/2019.torino.wordcamp.org\/schedule\/\">L&#8217;AGENDA<\/a><\/strong><\/p>\n<\/div>\n\n\n\n<div class=\"wp-block-column is-layout-flow wp-block-column-is-layout-flow\">\n<p class=\"has-background has-luminous-vivid-amber-background-color wp-block-paragraph\"><strong>COMPRA IL <a href=\"https:\/\/2019.torino.wordcamp.org\/tickets\/\">BIGLIETTO<\/a><\/strong><\/p>\n<\/div>\n<\/div>\n","protected":false},"excerpt":{"rendered":"<p>Quest&#8217;anno \u00e8 stato pi\u00f9 difficile del solito mettere insieme l&#8217;agenda della giornata. Non solo sono arrivati talk di ottimo livello e quindi selezionare quelli da presentare \u00e8 stato un duro compito, ma poi incasellare tutto in nove ore diventa sempre &hellip; <a href=\"https:\/\/torino.wordcamp.org\/2019\/lagenda-e-qui\/\">Continua la lettura <span class=\"screen-reader-text\">L&#8217;agenda \u00e8 qui!<\/span>  <span class=\"meta-nav\">&rarr;<\/span><\/a><\/p>\n","protected":false},"author":7230939,"featured_media":1702,"comment_status":"open","ping_status":"open","sticky":false,"template":"","format":"standard","meta":{"_crdt_document":"","jetpack_post_was_ever_published":false,"_jetpack_newsletter_access":"","_jetpack_dont_email_post_to_subs":false,"_jetpack_newsletter_tier_id":0,"_jetpack_memberships_contains_paywalled_content":false,"_jetpack_memberships_contains_paid_content":false,"footnotes":""},"categories":[734347],"tags":[],"class_list":["post-1810","post","type-post","status-publish","format-standard","has-post-thumbnail","hentry","category-annunci"],"jetpack_featured_media_url":"https:\/\/torino.wordcamp.org\/2019\/files\/2019\/03\/wctrn2019_schedule.jpg","jetpack_sharing_enabled":true,"jetpack_shortlink":"https:\/\/wp.me\/pamRTJ-tc","_links":{"self":[{"href":"https:\/\/torino.wordcamp.org\/2019\/wp-json\/wp\/v2\/posts\/1810","targetHints":{"allow":["GET"]}}],"collection":[{"href":"https:\/\/torino.wordcamp.org\/2019\/wp-json\/wp\/v2\/posts"}],"about":[{"href":"https:\/\/torino.wordcamp.org\/2019\/wp-json\/wp\/v2\/types\/post"}],"author":[{"embeddable":true,"href":"https:\/\/torino.wordcamp.org\/2019\/wp-json\/wp\/v2\/users\/7230939"}],"replies":[{"embeddable":true,"href":"https:\/\/torino.wordcamp.org\/2019\/wp-json\/wp\/v2\/comments?post=1810"}],"version-history":[{"count":5,"href":"https:\/\/torino.wordcamp.org\/2019\/wp-json\/wp\/v2\/posts\/1810\/revisions"}],"predecessor-version":[{"id":1948,"href":"https:\/\/torino.wordcamp.org\/2019\/wp-json\/wp\/v2\/posts\/1810\/revisions\/1948"}],"wp:featuredmedia":[{"embeddable":true,"href":"https:\/\/torino.wordcamp.org\/2019\/wp-json\/wp\/v2\/media\/1702"}],"wp:attachment":[{"href":"https:\/\/torino.wordcamp.org\/2019\/wp-json\/wp\/v2\/media?parent=1810"}],"wp:term":[{"taxonomy":"category","embeddable":true,"href":"https:\/\/torino.wordcamp.org\/2019\/wp-json\/wp\/v2\/categories?post=1810"},{"taxonomy":"post_tag","embeddable":true,"href":"https:\/\/torino.wordcamp.org\/2019\/wp-json\/wp\/v2\/tags?post=1810"}],"curies":[{"name":"wp","href":"https:\/\/api.w.org\/{rel}","templated":true}]}}