{"id":1966,"date":"2019-04-02T07:00:34","date_gmt":"2019-04-02T07:00:34","guid":{"rendered":"https:\/\/2019.torino.wordcamp.org\/?p=1966"},"modified":"2019-04-02T15:31:12","modified_gmt":"2019-04-02T13:31:12","slug":"nel-wctrn-batte-un-cuore-solidale","status":"publish","type":"post","link":"https:\/\/torino.wordcamp.org\/2019\/nel-wctrn-batte-un-cuore-solidale\/","title":{"rendered":"Nel #WCTRN batte un cuore solidale"},"content":{"rendered":"\r\n<figure class=\"wp-block-image\"><img loading=\"lazy\" decoding=\"async\" width=\"1024\" height=\"683\" class=\"wp-image-1974\" src=\"https:\/\/2019.torino.wordcamp.org\/files\/2019\/04\/sustainable-1024x683.png\" alt=\"\" srcset=\"https:\/\/torino.wordcamp.org\/2019\/files\/2019\/04\/sustainable-1024x683.png 1024w, https:\/\/torino.wordcamp.org\/2019\/files\/2019\/04\/sustainable-300x200.png 300w, https:\/\/torino.wordcamp.org\/2019\/files\/2019\/04\/sustainable-768x512.png 768w, https:\/\/torino.wordcamp.org\/2019\/files\/2019\/04\/sustainable-450x300.png 450w, https:\/\/torino.wordcamp.org\/2019\/files\/2019\/04\/sustainable.png 1200w\" sizes=\"auto, (max-width: 1024px) 100vw, 1024px\" \/><\/figure>\r\n\r\n\r\n\r\n<p class=\"wp-block-paragraph\"><em>Torino terra di santi ed eroi <\/em>dice qualcuno. E davvero Torino \u00e8 conosciuta per la sua tradizione di <a href=\"https:\/\/it.wikipedia.org\/wiki\/Santi_Sociali\">santi sociali<\/a> e persone impegnate quotidianamente nella <a href=\"http:\/\/www.volontariatotorino.it\/tutti-numeri-del-centro-servizi-volontariato-torino-bilancio-missione-2016\/\">solidariet\u00e0<\/a>. Anche il WordCamp Torino non pu\u00f2 che essere permeato da questa cultura di inclusivit\u00e0 e solidariet\u00e0.<\/p>\r\n\r\n\r\n\r\n<h3 class=\"wp-block-heading\">Le cooperative sociali<\/h3>\r\n\r\n\r\n\r\n<p class=\"wp-block-paragraph\">Anche quest&#8217;anno il catering \u00e8 affidato alla cooperativa sociale \u00a0<a href=\"http:\/\/www.raggioverde.com\/catering\/il_catering_bio-local-equo.html\">Raggio Verde\u00a0<\/a>di Biella, che curer\u00e0 i buffet del Contributor Day e della Conferenza, i tavoli degli snack e il buffet dell&#8217;After Party.<\/p>\r\n\r\n\r\n\r\n<ul class=\"wp-block-list\">\r\n<li>Materie prime ed ingredienti del commercio equo-solidale<\/li>\r\n<li>prodotti coloniali del commercio equo-solidale<\/li>\r\n<li>prodotti biologici certificati<\/li>\r\n<li>prodotti freschi di stagione<\/li>\r\n<li>produzioni locali a chilometro zero e di piccoli produttori del territorio biellese (cooperative sociali e aziende agricole a livello famigliare)<\/li>\r\n<li>prodotti coltivati su terre confiscate alla mafia (Libera Terra e Goel Solidale \u2013Sicilia \/ Calabria)<\/li>\r\n<li>olio vergine \/ extravergine d\u2019oliva bio DOP italiano (Calabria)<\/li>\r\n<li>Parmigiano Reggiano DOP terremotato (Emilia-Romagna)<\/li>\r\n<\/ul>\r\n\r\n\r\n\r\n<p class=\"wp-block-paragraph\">Ecco l&#8217;impegno della cooperativa sociale Raggio Verde per un commercio equo, solidale e sostenibile.<\/p>\r\n\r\n\r\n\r\n<p class=\"wp-block-paragraph\">Il <strong>warm event<\/strong> del venerd\u00ec sera, il tradizionale momento di networking fra tutti i volontari, speaker e sponsor e chiunque vorr\u00e0 unirsi, si terr\u00e0, invece presso <a href=\"http:\/\/www.lalocandaclandestina.it\/\">La Locanda Clandestina, <\/a>accogliente locale nel quartiere di San Salvario, a Torino, gestito dalla cooperativa sociale <a href=\"http:\/\/www.isoladiariel.it\/\">L&#8217;isola di Ariel<\/a>. La cooperativa, nata nel 2006, sviluppa progetti di sostegno alla persona, in particolare nel campo della psichiatria e delle migrazioni, anche attraverso l&#8217;inserimento lavorativo.<\/p>\r\n\r\n\r\n\r\n<h3 class=\"wp-block-heading\">Accessibilit\u00e0<\/h3>\r\n\r\n\r\n\r\n<p class=\"wp-block-paragraph\">I locali di <a href=\"https:\/\/www.toolboxoffice.it\/\">Toolbox <\/a>che verranno usati per il WordCamp <strong>sono tutti accessibili con rampe<\/strong> che permettono la mobilit\u00e0 anche attraverso l&#8217;uso di ausili. Inoltre, all&#8217;interno della struttura sono disponibili bagni che permettono l&#8217;accesso con le sedie a rotelle e gender free.<\/p>\r\n\r\n\r\n\r\n<p class=\"wp-block-paragraph\">Tutti gli interventi godranno del <strong>live transcripting in lingua<\/strong>, che potr\u00e0 essere attivato sul proprio dispositivo mobile attraverso un QRCode.<\/p>\r\n\r\n\r\n\r\n<p class=\"wp-block-paragraph\">Abbiamo dimenticato qualcosa? <br \/><a href=\"mailto:torino@wordcamp.org\">Scrivici<\/a> senza timore e saremo lieti di migliorare il nostro evento, perch\u00e9 davvero <strong>tutti si sentano accolti e a loro agio<\/strong>.<\/p>\r\n\r\n\r\n\r\n<h3 class=\"wp-block-heading\">Sostenibilit\u00e0 ambientale<\/h3>\r\n\r\n\r\n\r\n<p class=\"wp-block-paragraph\">Anche se non siamo ancora arrivati ad essere 100% plastica free, verranno usati per la maggior parte:<\/p>\r\n\r\n\r\n\r\n<ul class=\"wp-block-list\">\r\n<li>bicchieri di carta e stoviglie in mater-bi e PLA biodegradabili e compostabili al 100%<\/li>\r\n<li>ceramica bianca di servizio e lavaggio in laboratorio con detergenti ecologici<\/li>\r\n<li>tovagliato di cotone di fiandra e runner di cotone biologico (progetto Be-Cotton)<\/li>\r\n<li>acqua locale in bottiglie di vetro a rendere o in bottiglie di plastica a basso impatto ambientale<\/li>\r\n<li>capsule caff\u00e8 100% compostabili<\/li>\r\n<\/ul>\r\n\r\n\r\n\r\n<p class=\"wp-block-paragraph\">Non hai ancora il biglietto? <br \/>Non aspettare, ormai sono quasi terminati. Prendi subito il tuo <a href=\"https:\/\/2019.torino.wordcamp.org\/tickets\/\">qui.<\/a><\/p>\r\n","protected":false},"excerpt":{"rendered":"<p>Torino terra di santi ed eroi dice qualcuno. E davvero Torino \u00e8 conosciuta per la sua tradizione di santi sociali e persone impegnate quotidianamente nella solidariet\u00e0. Anche il WordCamp Torino non pu\u00f2 che essere permeato da questa cultura di inclusivit\u00e0 &hellip; <a href=\"https:\/\/torino.wordcamp.org\/2019\/nel-wctrn-batte-un-cuore-solidale\/\">Continua la lettura <span class=\"screen-reader-text\">Nel #WCTRN batte un cuore solidale<\/span>  <span class=\"meta-nav\">&rarr;<\/span><\/a><\/p>\n","protected":false},"author":14513255,"featured_media":1974,"comment_status":"open","ping_status":"open","sticky":false,"template":"","format":"standard","meta":{"_crdt_document":"","jetpack_post_was_ever_published":false,"_jetpack_newsletter_access":"","_jetpack_dont_email_post_to_subs":false,"_jetpack_newsletter_tier_id":0,"_jetpack_memberships_contains_paywalled_content":false,"_jetpack_memberships_contains_paid_content":false,"footnotes":""},"categories":[1239722,16311],"tags":[1244176,1244178,1244179,1244177,1244175],"class_list":["post-1966","post","type-post","status-publish","format-standard","has-post-thumbnail","hentry","category-accessibilita","category-info","tag-cooperative-sociali","tag-lisola-di-ariel","tag-la-locanda-clandestina","tag-raggio-verde","tag-torino-solidale"],"jetpack_featured_media_url":"https:\/\/torino.wordcamp.org\/2019\/files\/2019\/04\/sustainable.png","jetpack_sharing_enabled":true,"jetpack_shortlink":"https:\/\/wp.me\/pamRTJ-vI","_links":{"self":[{"href":"https:\/\/torino.wordcamp.org\/2019\/wp-json\/wp\/v2\/posts\/1966","targetHints":{"allow":["GET"]}}],"collection":[{"href":"https:\/\/torino.wordcamp.org\/2019\/wp-json\/wp\/v2\/posts"}],"about":[{"href":"https:\/\/torino.wordcamp.org\/2019\/wp-json\/wp\/v2\/types\/post"}],"author":[{"embeddable":true,"href":"https:\/\/torino.wordcamp.org\/2019\/wp-json\/wp\/v2\/users\/14513255"}],"replies":[{"embeddable":true,"href":"https:\/\/torino.wordcamp.org\/2019\/wp-json\/wp\/v2\/comments?post=1966"}],"version-history":[{"count":11,"href":"https:\/\/torino.wordcamp.org\/2019\/wp-json\/wp\/v2\/posts\/1966\/revisions"}],"predecessor-version":[{"id":1995,"href":"https:\/\/torino.wordcamp.org\/2019\/wp-json\/wp\/v2\/posts\/1966\/revisions\/1995"}],"wp:featuredmedia":[{"embeddable":true,"href":"https:\/\/torino.wordcamp.org\/2019\/wp-json\/wp\/v2\/media\/1974"}],"wp:attachment":[{"href":"https:\/\/torino.wordcamp.org\/2019\/wp-json\/wp\/v2\/media?parent=1966"}],"wp:term":[{"taxonomy":"category","embeddable":true,"href":"https:\/\/torino.wordcamp.org\/2019\/wp-json\/wp\/v2\/categories?post=1966"},{"taxonomy":"post_tag","embeddable":true,"href":"https:\/\/torino.wordcamp.org\/2019\/wp-json\/wp\/v2\/tags?post=1966"}],"curies":[{"name":"wp","href":"https:\/\/api.w.org\/{rel}","templated":true}]}}