{"id":2120,"date":"2019-09-12T15:21:01","date_gmt":"2019-09-12T13:21:01","guid":{"rendered":"https:\/\/2019.torino.wordcamp.org\/?p=2120"},"modified":"2019-09-17T16:49:40","modified_gmt":"2019-09-17T14:49:40","slug":"vuoi-far-parte-del-team-che-organizzera-il-wctrn-2020","status":"publish","type":"post","link":"https:\/\/torino.wordcamp.org\/2019\/vuoi-far-parte-del-team-che-organizzera-il-wctrn-2020\/","title":{"rendered":"Vuoi far parte del team che organizzer\u00e0 il WCTRN 2020?"},"content":{"rendered":"\n<p class=\"wp-block-paragraph\">Fine estate, tempo di pensare all&#8217;organizzazione del prossimo WordCamp Torino. Anche quest&#8217;anno, mi sono proposta come lead di questa edizione, la QUINTA \ud83c\udf89. Lo so, come si dice? <em>Errare \u00e8 umano , perseverare&#8230;<\/em> ma non ho saputo  resistere al desiderio di organizzare l&#8217;edizione di WCTRN che <strong>festegger\u00e0 il primo lustro<\/strong> \ud83e\udd42. Un traguardo importante, che merita una edizione super! <strong>Chi vuole unirsi a me in questa avventura e aiutarmi a rendere memorabile questa edizione?<\/strong><\/p>\n\n\n\n<p class=\"wp-block-paragraph\">Di seguito un breve memo su ruoli, organizzazione e skill richiesti. Sono cose che sappiamo gi\u00e0, ma <em>repetita iuvant<\/em>, come si suol dire.<\/p>\n\n\n\n<h1 class=\"wp-block-heading\">L&#8217;organizzatore del WordCamp Torino<\/h1>\n\n\n\n<p class=\"wp-block-paragraph\">\u00e8 un appassionato sostenitore di WordPress e contribuisce volontariamente alla sua diffusione e al suo sviluppo anche partecipando attivamente alla vita della sua Community.<\/p>\n\n\n\n<p class=\"wp-block-paragraph\">Conosce bene le <a href=\"https:\/\/make.wordpress.org\/community\/handbook\/wordcamp-organizer\/\">linee guida<\/a> che regolano l&#8217;organizzazione di un WordCamp e aderisce al <a href=\"https:\/\/make.wordpress.org\/community\/handbook\/wordcamp-organizer\/planning-details\/code-of-conduct\/\">Codice di Condotta<\/a> della Community. Inoltre:<\/p>\n\n\n\n<ul class=\"wp-block-list\"><li>\u00e8 entusiasta, disponibile e cordiale;<\/li><li>sa lavorare in team e portare avanti i suoi compiti anche sotto stress e in autonomia<\/li><li>\u00e8 orientato alla soluzione dei problemi e&nbsp; in caso di necessit\u00e0, interviene a supporto dei compagni di squadra<\/li><li>sa affrontare gli imprevisti in modo collaborativo e efficace<\/li><li>\u00e8 affidabile e quando si prende un impegno lo porta avanti fino al raggiungimento dell&#8217;obiettivo<\/li><li><strong>se ha bisogno di aiuto, chiede.<\/strong><\/li><\/ul>\n\n\n\n<p class=\"wp-block-paragraph\">\u00c8 preferibile, ma non esclusivo, che faccia parte del Meetup Torino. Non \u00e8 necessario che abbia esperienza di organizzazione di eventi.<\/p>\n\n\n\n<h1 class=\"wp-block-heading\">Compiti e organizzazione<\/h1>\n\n\n\n<p class=\"wp-block-paragraph\">Ogni organizzatore ha un suo compito specifico. Le aree da coprire sono:<\/p>\n\n\n\n<ul class=\"wp-block-list\"><li>Controllo amministrativo (budget) e supervisione organizzazione (lead)<\/li><li>Documentazione e amministrazione (gestione email, fatture partecipanti&#8230;)<\/li><li>Venue<\/li><li>Sponsor<\/li><li>Speaker<\/li><li>Volontari<\/li><li>Sito internet<\/li><li>Comunicazione (contenuti e social)<\/li><li>Grafica<\/li><li>Catering<\/li><li>Eventi collegati (after party, sponsor dinner)<\/li><li>Riprese video e foto<\/li><\/ul>\n\n\n\n<p class=\"wp-block-paragraph\">\u00c8 altamente probabile che ogni organizzatore si occupi di pi\u00f9 aree, oppure che un&#8217;area sia coperta da pi\u00f9 organizzatori. Potrebbero anche essere coinvolti altri volontari che, pure non essendo organizzatori a tutti gli effetti, partecipano all&#8217;organizzazione supportando alcune aree in certi momenti.<\/p>\n\n\n\n<p class=\"wp-block-paragraph\">Le modalit\u00e0 di lavoro saranno decise dal gruppo stesso, e anche gli strumenti utilizzati, anche se Drive per l&#8217;archiviazione dei documenti e Slack per la riunione settimanale saranno strumenti usati per certo.<\/p>\n\n\n\n<h1 class=\"wp-block-heading\">Non so se avr\u00f2 tempo da dedicare al&#8217;organizzazione<\/h1>\n\n\n\n<p class=\"wp-block-paragraph\">Siamo tutti volontari e tutti abbiamo un lavoro che ci serve per vivere. Quindi, l&#8217;organizzazione sar\u00e0 compatibile con il nostro lavoro <em>pagamutuo<\/em>. Ci\u00f2 detto, non \u00e8 semplice quantificare il tempo richiesto, perch\u00e9 dipende dal tipo di compito: per alcuni compiti l&#8217;impegno maggiore \u00e8 all&#8217;inizio dell&#8217;organizzazione, per altri \u00e8 a ridosso dell&#8217;evento. Potremmo stimare una media di 3\/4 ore alla settimana per tutta la durata dell&#8217;organizzazione.<\/p>\n\n\n\n<p class=\"wp-block-paragraph\">Di sicuro&nbsp; tutta la squadra \u00e8 chiamata a:<\/p>\n\n\n\n<ul class=\"wp-block-list\"><li>partecipare all&#8217;organizzazione nei tempi e modi che il team decider\u00e0<\/li><li>partecipare interamente alle giornate dell&#8217;evento<\/li><li>partecipare a tutti i momenti conviviali collegati all&#8217;evento (sponsor\/volunteers dinner, after party)<\/li><\/ul>\n\n\n\n<h1 class=\"wp-block-heading\">Quindi, sarai con me?Se l&#8217;idea ti entusiasma e vuoi far parte della squadra, devi compilare questo <a href=\"https:\/\/forms.gle\/LSaKRzxHXzd8HbSL9\">modulo<\/a>&nbsp;e inviarlo <strong>entro il 30 settembre 2019.<\/strong><\/h1>\n\n\n\n<p class=\"wp-block-paragraph\">Aspetto la tua candidatura! Laura<\/p>\n","protected":false},"excerpt":{"rendered":"<p>Fine estate, tempo di pensare all&#8217;organizzazione del prossimo WordCamp Torino. Anche quest&#8217;anno, mi sono proposta come lead di questa edizione, la QUINTA \ud83c\udf89. Lo so, come si dice? Errare \u00e8 umano , perseverare&#8230; ma non ho saputo resistere al desiderio &hellip; <a href=\"https:\/\/torino.wordcamp.org\/2019\/vuoi-far-parte-del-team-che-organizzera-il-wctrn-2020\/\">Continua la lettura <span class=\"screen-reader-text\">Vuoi far parte del team che organizzer\u00e0 il WCTRN 2020?<\/span>  <span class=\"meta-nav\">&rarr;<\/span><\/a><\/p>\n","protected":false},"author":14513255,"featured_media":2124,"comment_status":"open","ping_status":"open","sticky":true,"template":"","format":"standard","meta":{"_crdt_document":"","jetpack_post_was_ever_published":false,"_jetpack_newsletter_access":"","_jetpack_dont_email_post_to_subs":false,"_jetpack_newsletter_tier_id":0,"_jetpack_memberships_contains_paywalled_content":false,"_jetpack_memberships_contains_paid_content":false,"footnotes":""},"categories":[734347],"tags":[],"class_list":["post-2120","post","type-post","status-publish","format-standard","has-post-thumbnail","hentry","category-annunci"],"jetpack_featured_media_url":"https:\/\/torino.wordcamp.org\/2019\/files\/2019\/09\/call.jpg","jetpack_sharing_enabled":true,"jetpack_shortlink":"https:\/\/wp.me\/pamRTJ-yc","_links":{"self":[{"href":"https:\/\/torino.wordcamp.org\/2019\/wp-json\/wp\/v2\/posts\/2120","targetHints":{"allow":["GET"]}}],"collection":[{"href":"https:\/\/torino.wordcamp.org\/2019\/wp-json\/wp\/v2\/posts"}],"about":[{"href":"https:\/\/torino.wordcamp.org\/2019\/wp-json\/wp\/v2\/types\/post"}],"author":[{"embeddable":true,"href":"https:\/\/torino.wordcamp.org\/2019\/wp-json\/wp\/v2\/users\/14513255"}],"replies":[{"embeddable":true,"href":"https:\/\/torino.wordcamp.org\/2019\/wp-json\/wp\/v2\/comments?post=2120"}],"version-history":[{"count":2,"href":"https:\/\/torino.wordcamp.org\/2019\/wp-json\/wp\/v2\/posts\/2120\/revisions"}],"predecessor-version":[{"id":2125,"href":"https:\/\/torino.wordcamp.org\/2019\/wp-json\/wp\/v2\/posts\/2120\/revisions\/2125"}],"wp:featuredmedia":[{"embeddable":true,"href":"https:\/\/torino.wordcamp.org\/2019\/wp-json\/wp\/v2\/media\/2124"}],"wp:attachment":[{"href":"https:\/\/torino.wordcamp.org\/2019\/wp-json\/wp\/v2\/media?parent=2120"}],"wp:term":[{"taxonomy":"category","embeddable":true,"href":"https:\/\/torino.wordcamp.org\/2019\/wp-json\/wp\/v2\/categories?post=2120"},{"taxonomy":"post_tag","embeddable":true,"href":"https:\/\/torino.wordcamp.org\/2019\/wp-json\/wp\/v2\/tags?post=2120"}],"curies":[{"name":"wp","href":"https:\/\/api.w.org\/{rel}","templated":true}]}}