{"id":6,"date":"2019-02-04T09:00:26","date_gmt":"2019-02-04T09:00:26","guid":{"rendered":"https:\/\/2019.torino.wordcamp.org\/?p=6"},"modified":"2019-02-25T08:00:53","modified_gmt":"2019-02-25T08:00:53","slug":"call-for-volunteers","status":"publish","type":"post","link":"https:\/\/torino.wordcamp.org\/2019\/call-for-volunteers\/","title":{"rendered":"Call for Volunteers"},"content":{"rendered":"\n<figure class=\"wp-block-image\"><img loading=\"lazy\" decoding=\"async\" width=\"1024\" height=\"823\" src=\"https:\/\/2019.torino.wordcamp.org\/files\/2019\/01\/callforvolunteers-1024x823.jpg\" alt=\"\" class=\"wp-image-825\" srcset=\"https:\/\/torino.wordcamp.org\/2019\/files\/2019\/01\/callforvolunteers-1024x823.jpg 1024w, https:\/\/torino.wordcamp.org\/2019\/files\/2019\/01\/callforvolunteers-300x241.jpg 300w, https:\/\/torino.wordcamp.org\/2019\/files\/2019\/01\/callforvolunteers-768x617.jpg 768w, https:\/\/torino.wordcamp.org\/2019\/files\/2019\/01\/callforvolunteers-373x300.jpg 373w, https:\/\/torino.wordcamp.org\/2019\/files\/2019\/01\/callforvolunteers.jpg 1200w\" sizes=\"auto, (max-width: 1024px) 100vw, 1024px\" \/><\/figure>\n\n\n\n<p class=\"wp-block-paragraph\"><strong>Siamo alla ricerca di persone entusiaste, organizzate, energiche e che amano WordPress!<\/strong><\/p>\n\n\n\n<h2 class=\"wp-block-heading\"><strong>PERCH\u00c9 DOVRESTI CANDIDARTI COME VOLONTARIO PER IL WORDCAMP TORINO 2019?<\/strong><\/h2>\n\n\n\n<p class=\"wp-block-paragraph\">Perch\u00e9 \u00e8 una esperienza bellissima, ed \u00e8 un modo di contribuire a WordPress. Perch\u00e9 ti permetter\u00e0 di conoscere tante persone, e potrai far parte di questa fantastica comunit\u00e0. E per tantissimi altri buoni motivi.<\/p>\n\n\n\n<!--more-->\n\n\n\n<p class=\"wp-block-paragraph\"><strong>Perch\u00e9 abbiamo bisogno di te!<\/strong><\/p>\n\n\n\n<p class=\"wp-block-paragraph\">Un WordCamp <strong>esiste grazie alle persone<\/strong> che, volontariamente, scelgono di dedicare del tempo all\u2019organizzazione e poi alla gestione delle tante cose che fanno di questi due giorni <strong>una grande festa<\/strong>.<\/p>\n\n\n\n<p class=\"wp-block-paragraph\">Puoi fare parte anche tu di questo team: non ci sar\u00e0 bisogno di altro che di <strong>entusiasmo, buona volont\u00e0<\/strong>, voglia di mettere il tuo tempo a disposizione della community.<\/p>\n\n\n\n<p class=\"wp-block-paragraph\">Fare il volontario significa vivere da dentro l\u2019evento: significa sentirsi parte del funzionamento di questa splendida macchina, arrivare a sera esausti ma euforici, sapere che le persone si stanno godendo l\u2019intero evento anche grazie al tuo contributo.<\/p>\n\n\n\n<h2 class=\"wp-block-heading\">VUOI CANDIDARTI?<\/h2>\n\n\n\n<p class=\"wp-block-paragraph\">Leggi le informazioni qui sotto e poi vai in fondo alla pagina e <a href=\"#modulo\">compila il modulo<\/a> \ud83d\ude09<\/p>\n\n\n\n<h2 class=\"wp-block-heading\"><strong>COME PUOI ESSERE D\u2019AIUTO<\/strong><\/h2>\n\n\n\n<p class=\"wp-block-paragraph\">Abbiamo bisogno di volontari sul campo e con le mani in pasta il giorno dell\u2019evento. <strong>Ma esattamente cosa ci serve?<\/strong><\/p>\n\n\n\n<p class=\"wp-block-paragraph\">Solitamente i ruoli da ricoprire sono quelli descritti qui sotto, ma \u00e8 possibile che in prossimit\u00e0 dell\u2019incontro cambi qualcosa e si aggiungano o tolgano alcune figure:<\/p>\n\n\n\n<ul class=\"wp-block-list\"><li><strong>Registrazione<\/strong>: accoglienza dei partecipanti, consegna del badge e dei gadget dell\u2019evento.<\/li><li><strong>Green Room<\/strong>: \u00e8 una stanza dedicata ai volontari\/organizzatori e speaker. Il ruolo \u00e8 quello di presidiare la stanza per mantenere il silenzio e l\u2019accesso riservato.<\/li><li><strong>Emcee<\/strong>: \u00e8 la persona che presenta i talk e gli speaker, intrattiene durante le pause comunicando informazioni di servizio e avvisi.<\/li><li><strong>Time Keeper<\/strong>: ha il fondamentale compito di aiutare gli speaker a rispettare i tempi prestabiliti mostrando loro un cartello con il tempo rimanente alla fine dell\u2019intervento.<\/li><li><strong>Room Manager<\/strong>: \u00e8 in servizio all\u2019interno della sala della conferenza. Coordina e verifica che tutto funzioni e che si rispettino i tempi, e gestisce tutto quello che riguarda la sala e lo svolgimento della conferenza al suo interno. Verifica che ci siano gli speaker prima del loro talk, li aiuta a testare la connessione video al proiettore. \u00c8 anche la persona che verifica che il team della sala sia al completo 10 minuti prima di iniziare. Durante il Q&amp;A porta il microfono alla persona nel pubblico che l\u2019MC gli indicher\u00e0 per far fare la domanda.<\/li><li><strong>Room Keeper<\/strong>: fa in modo che la sala non sia rumorosa e le porte rimangano chiuse, soprattutto a ridosso dei cambi<\/li><li><strong>Social Media<\/strong>: dovr\u00e0 occuparsi di fare il live su Twitter e Facebook durante la conferenza. I volontari che si occuperanno di questa attivit\u00e0 dovranno seguire i talk e twittare i contenuti pi\u00f9 interessanti.<\/li><li><strong>Riprese video<\/strong>: dovr\u00e0 occuparsi della parte di audio e video nella sala assegnata, controllando il corretto funzionamento delle registrazioni e del sistema audio, durante ogni sessione.<\/li><li><strong>Fotografi<\/strong>: con propria attrezzatura, il compito sar\u00e0 quello di immortalare i vari momenti del WordCamp e soprattutto il suo spirito, producendo del materiale fotografico utilizzabile anche a scopi promozionali.<\/li><li><strong>Postazione Caff\u00e8<\/strong>: grazie ai nostri sponsor abbiamo la possibilit\u00e0 di poter servire caff\u00e8 durante tutta la giornata. Il presidio della postazione caff\u00e8 permette che tutti vengano serviti al meglio.<\/li><\/ul>\n\n\n\n<p class=\"wp-block-paragraph\"><strong>Ti abbiamo convinto?<\/strong> <a href=\"#modulo\">Compila il modulo<\/a> con la tua candidatura.<\/p>\n\n\n\n<p class=\"wp-block-paragraph\"><strong>Ancora qualche dubbio?<\/strong> Leggi le FAQ qui sotto!<\/p>\n\n\n\n<h2 class=\"wp-block-heading\">FAQ<\/h2>\n\n\n\n<h3 class=\"wp-block-heading\">SAR\u00d2 IN SERVIZIO TUTTO IL TEMPO?<\/h3>\n\n\n\n<p class=\"wp-block-paragraph\"><strong>No<\/strong>. Verranno stabiliti dei turni. &nbsp;Ricorda, per\u00f2, che sarai riconosciuto come componente dello staff durante tutto l\u2019evento: ci aspettiamo, quindi, che tu sia disponibile per aiutare i partecipanti. &nbsp;\u00c8 l\u2019onore, e l\u2019onere, di essere parte di un evento cos\u00ec coinvolgente!<\/p>\n\n\n\n<h3 class=\"wp-block-heading\">\u00c8 PREVISTO UN COMPENSO O &nbsp;UN RIMBORSO SPESE?<\/h3>\n\n\n\n<p class=\"wp-block-paragraph\"><strong>No<\/strong>. I WordCamp sono eventi fatti da volontari, quindi, come nel resto del mondo, non sono previsti compensi o coperture di spese. Sar\u00e0 tua cura coprire i costi di viaggio e permanenza a Torino. Se sarai accettato come volontario avrai accesso gratuito all\u2019evento per entrambi i giorni, pranzi inclusi.<\/p>\n\n\n\n<p class=\"wp-block-paragraph\"><strong>Fare volontariato al WordCamp Torino \u00e8 un modo unico per contribuire e sostenere l\u2019evento e la comunit\u00e0 di WordPress.<\/strong><br><\/p>\n\n\n\n<h3 class=\"wp-block-heading\">CHE COSA DEVO ASPETTARMI?<\/h3>\n\n\n\n<p class=\"wp-block-paragraph\"><strong>Di divertirti, anzitutto!<\/strong><br><\/p>\n\n\n\n<p class=\"wp-block-paragraph\">Ti comunicheremo al pi\u00f9 presto se sarai parte del nostro team di volontari \u2013 <em>nb: ci piacerebbe accettare tutti, ma non \u00e8 sempre possibile! Quindi se non avrai una conferma, non averne a male: ci saranno tantissime altre occasioni per contribuire a WordPress! <\/em><br><\/p>\n\n\n\n<p class=\"wp-block-paragraph\">Una volta che sarai accettato come volontario al WordCamp Torino 2019, <strong>sarai aggregato al team dei volontari in funzione di ci\u00f2 che sai fare <\/strong>e ti saranno assegnati vari compiti prima e durante l\u2019evento.<br><\/p>\n\n\n\n<p class=\"wp-block-paragraph\">Ci incontreremo prima dell&#8217;evento per orientare le attivit\u00e0 dello staff di cui fai parte. Conoscerai l\u2019intero team, parleremo dei compiti assegnati a ciascuno, vedremo insieme la sede e potrai dare una mano alla prima organizzazione.<\/p>\n\n\n\n<p class=\"wp-block-paragraph\">Il giorno del WordCamp, 5 e 6 Aprile, lavoreremo tutti assieme come parte di una squadra che ci auguriamo possa funzionare come un orologio. <br><\/p>\n\n\n\n<p class=\"wp-block-paragraph\"><em>Hey, dopo l\u2019evento c\u2019\u00e8 l\u2019<\/em><strong><em>After Party<\/em><\/strong><em>, non vorrai mica andare via subito? <\/em><br><\/p>\n\n\n\n<h2 class=\"wp-block-heading\">TI INTERESSA AIUTARCI?<\/h2>\n\n\n\n<p class=\"has-background has-luminous-vivid-amber-background-color wp-block-paragraph\"><a href=\"#modulo\">Compila il modulo<\/a> in fondo alla pagina entro il 24 Febbraio 2019 alle 23.59 CET. <strong>Non vediamo l\u2019ora di averti nella squadra! <\/strong><br><\/p>\n\n\n\n<p class=\"wp-block-paragraph\"><em>Vuoi entrare subito nello spirito giusto? Se non ci sei ancora, <\/em><a href=\"https:\/\/it.wordpress.org\/slack\/\"><em>raggiungi l\u2019Italia WordPress Community su Slack<\/em><\/a><em>! Sar\u00e0 anche il nostro principale canale di comunicazione e coordinamento durante il WordCamp. <\/em><br><\/p>\n\n\n\n<p class=\"wp-block-paragraph\"><em>Tutti i volontari avranno diritto all\u2019ingresso gratuito al WordCamp, quindi se ti candidi non procedere con l\u2019acquisto del biglietto!<\/em><\/p>\n\n\n\n<p class=\"wp-block-paragraph\"><em>Se non sarai scelto tra i volontari, ma decidessi comunque di venire (ovvio che vieni!) non preoccuparti di restare senza biglietto, ne metteremo in vendita altri!<\/em><br><\/p>\n\n\n\n<p class=\"has-medium-font-size wp-block-paragraph\"><strong>Le candidature sono chiuse. Grazie a tutti coloro che si sono candidati!<\/strong><\/p>\n","protected":false},"excerpt":{"rendered":"<p>Siamo alla ricerca di persone entusiaste, organizzate, energiche e che amano WordPress! PERCH\u00c9 DOVRESTI CANDIDARTI COME VOLONTARIO PER IL WORDCAMP TORINO 2019? Perch\u00e9 \u00e8 una esperienza bellissima, ed \u00e8 un modo di contribuire a WordPress. Perch\u00e9 ti permetter\u00e0 di conoscere &hellip; <a href=\"https:\/\/torino.wordcamp.org\/2019\/call-for-volunteers\/\">Continua la lettura <span class=\"screen-reader-text\">Call for Volunteers<\/span>  <span class=\"meta-nav\">&rarr;<\/span><\/a><\/p>\n","protected":false},"author":15311714,"featured_media":825,"comment_status":"open","ping_status":"open","sticky":false,"template":"","format":"standard","meta":{"_crdt_document":"","jetpack_post_was_ever_published":false,"_jetpack_newsletter_access":"","_jetpack_dont_email_post_to_subs":false,"_jetpack_newsletter_tier_id":0,"_jetpack_memberships_contains_paywalled_content":false,"_jetpack_memberships_contains_paid_content":false,"footnotes":""},"categories":[749741],"tags":[],"class_list":["post-6","post","type-post","status-publish","format-standard","has-post-thumbnail","hentry","category-volontari"],"jetpack_featured_media_url":"https:\/\/torino.wordcamp.org\/2019\/files\/2019\/01\/callforvolunteers.jpg","jetpack_sharing_enabled":true,"jetpack_shortlink":"https:\/\/wp.me\/pamRTJ-6","_links":{"self":[{"href":"https:\/\/torino.wordcamp.org\/2019\/wp-json\/wp\/v2\/posts\/6","targetHints":{"allow":["GET"]}}],"collection":[{"href":"https:\/\/torino.wordcamp.org\/2019\/wp-json\/wp\/v2\/posts"}],"about":[{"href":"https:\/\/torino.wordcamp.org\/2019\/wp-json\/wp\/v2\/types\/post"}],"author":[{"embeddable":true,"href":"https:\/\/torino.wordcamp.org\/2019\/wp-json\/wp\/v2\/users\/15311714"}],"replies":[{"embeddable":true,"href":"https:\/\/torino.wordcamp.org\/2019\/wp-json\/wp\/v2\/comments?post=6"}],"version-history":[{"count":24,"href":"https:\/\/torino.wordcamp.org\/2019\/wp-json\/wp\/v2\/posts\/6\/revisions"}],"predecessor-version":[{"id":3244,"href":"https:\/\/torino.wordcamp.org\/2019\/wp-json\/wp\/v2\/posts\/6\/revisions\/3244"}],"wp:featuredmedia":[{"embeddable":true,"href":"https:\/\/torino.wordcamp.org\/2019\/wp-json\/wp\/v2\/media\/825"}],"wp:attachment":[{"href":"https:\/\/torino.wordcamp.org\/2019\/wp-json\/wp\/v2\/media?parent=6"}],"wp:term":[{"taxonomy":"category","embeddable":true,"href":"https:\/\/torino.wordcamp.org\/2019\/wp-json\/wp\/v2\/categories?post=6"},{"taxonomy":"post_tag","embeddable":true,"href":"https:\/\/torino.wordcamp.org\/2019\/wp-json\/wp\/v2\/tags?post=6"}],"curies":[{"name":"wp","href":"https:\/\/api.w.org\/{rel}","templated":true}]}}